{"id":5572,"date":"2026-03-20T11:30:37","date_gmt":"2026-03-20T10:30:37","guid":{"rendered":"https:\/\/ig-ehealth.ch\/assemblee-des-membres-du-gi-ehealth\/"},"modified":"2026-03-24T12:34:59","modified_gmt":"2026-03-24T11:34:59","slug":"assemblee-des-membres-du-gi-ehealth","status":"publish","type":"post","link":"https:\/\/ig-ehealth.ch\/fr\/assemblee-des-membres-du-gi-ehealth\/","title":{"rendered":"Assembl\u00e9e des membres du GI eHealth"},"content":{"rendered":"\n<p><strong>L&rsquo;assembl\u00e9e g\u00e9n\u00e9rale du GI eHealth, qui s&rsquo;est tenue le 17 mars 2026 \u00e0 Berne, a rencontr\u00e9 un \u00e9cho positif. Toutes les affaires statutaires ont \u00e9t\u00e9 approuv\u00e9es \u00e0 l&rsquo;unanimit\u00e9. <\/strong><\/p>\n\n<p>L&rsquo;assembl\u00e9e dans les locaux de Swisscom Postparc \u00e0 Berne a d\u00e9but\u00e9 par les mots de bienvenue de la pr\u00e9sidente Anna Winter. Ont suivi l&rsquo;approbation des proc\u00e8s-verbaux des ann\u00e9es pr\u00e9c\u00e9dentes, du rapport annuel 2025 ainsi que des comptes annuels 2025, y compris la d\u00e9charge du comit\u00e9 directeur et du secr\u00e9tariat. <\/p>\n\n<p class=\"has-link-color wp-elements-3f556ca5d158d7b380543716c190c077\">Les priorit\u00e9s pour l&rsquo;ann\u00e9e 2026 - dont le suivi des enjeux (p. ex. r\u00e9vision de la LDE, LPTh 3a), la gestion des parties prenantes (DigiSant\u00e9, LDSan), la communication et le d\u00e9veloppement de l&rsquo;association avec la strat\u00e9gie 2030 - ont \u00e9t\u00e9 pleinement approuv\u00e9es. Il en va de m\u00eame pour la r\u00e9vision des <a href=\"https:\/\/ig-ehealth.ch\/wp-content\/uploads\/2026\/03\/2026-03-17_Statuts_GI_eHealth_F_DEF.pdf\" data-type=\"link\" data-id=\"https:\/\/ig-ehealth.ch\/wp-content\/uploads\/2026\/03\/2026-03-17_Statuts_GI_eHealth_F_DEF.pdf\" target=\"_blank\" rel=\"noreferrer noopener\"><strong>Statuts<\/strong><\/a>. L&rsquo;accent a \u00e9t\u00e9 mis sur l&rsquo;actualisation de l&rsquo;article relatif au but, qui avait pris de l&rsquo;\u00e2ge.  <\/p>\n\n<p>Les informations sur l&rsquo;audition de la loi LDSan \u00e0 la CSSS-N le 12 f\u00e9vrier 2026 par Walter St\u00fcdeli et Tim Dorner ont donn\u00e9 lieu \u00e0 une discussion anim\u00e9e. Stefan Wild et Martin R\u00fcfenacht ont parl\u00e9 de DigiSant\u00e9 et des r\u00e9ductions au sein du DFI, qui devraient affecter DigiSant\u00e9. <\/p>\n\n<p class=\"has-link-color wp-elements-f63a86bc2e4856e3eb29b0d754e64a0c\">La conf\u00e9rence de la professeure <a href=\"https:\/\/ig-ehealth.ch\/wp-content\/uploads\/2026\/03\/Vortrag_KI_IG_eHealth_17032026-1.pdf\" data-type=\"link\" data-id=\"https:\/\/ig-ehealth.ch\/wp-content\/uploads\/2026\/03\/Vortrag_KI_IG_eHealth_17032026-1.pdf\" target=\"_blank\" rel=\"noreferrer noopener\"><strong>Kerstin Denecke a pr\u00e9sent\u00e9 les r\u00e9sultats de l&rsquo;\u00e9tude<\/strong><\/a> a montr\u00e9 l&rsquo;\u00e9volution de l&rsquo;IA depuis les premiers syst\u00e8mes experts jusqu&rsquo;aux mod\u00e8les g\u00e9n\u00e9ratifs actuels et a mis en \u00e9vidence le fait que l&rsquo;IA soutient d\u00e9j\u00e0 les soins aux patients, les processus cliniques et la formation, mais qu&rsquo;elle pose en m\u00eame temps des exigences \u00e9lev\u00e9es en mati\u00e8re de s\u00e9curit\u00e9, d&rsquo;\u00e9thique et de gouvernance.<\/p>\n\n<p>Les avantages ont \u00e9t\u00e9 illustr\u00e9s \u00e0 l&rsquo;aide d&rsquo;exemples tels que les chatbots psychoth\u00e9rapeutiques, la radiologie assist\u00e9e par IA, la documentation automatique et l&rsquo;\u00e9valuation du feedback des patients, tandis que des \u00e9tudes de cas sur les chatbots et les apps de sant\u00e9 ont mis en \u00e9vidence les risques tels que la d\u00e9sinformation, les probl\u00e8mes de s\u00e9curit\u00e9 des patients, la protection des donn\u00e9es et les questions de responsabilit\u00e9.<br\/><br\/>Denecke a pr\u00e9sent\u00e9 \u00e0 ce sujet un mod\u00e8le Swiss Cheese pour la s\u00e9curit\u00e9 de l&rsquo;IA avec plusieurs lignes de d\u00e9fense \u2013 de la qualit\u00e9 des donn\u00e9es et de la validation du mod\u00e8le jusqu&rsquo;au monitoring \u2013 afin d&rsquo;\u00e9viter syst\u00e9matiquement les dommages aux patients. <\/p>\n\n<p>L&rsquo;assembl\u00e9e d&rsquo;automne aura lieu le 26 novembre 2026.<\/p>\n","protected":false},"excerpt":{"rendered":"<p>L&rsquo;assembl\u00e9e g\u00e9n\u00e9rale du GI eHealth, qui s&rsquo;est tenue le 17 mars 2026 \u00e0 Berne, a rencontr\u00e9 un \u00e9cho positif. Toutes les affaires statutaires ont \u00e9t\u00e9 approuv\u00e9es \u00e0 l&rsquo;unanimit\u00e9. L&rsquo;assembl\u00e9e dans les locaux de Swisscom Postparc \u00e0 Berne a d\u00e9but\u00e9 par les mots de bienvenue de la pr\u00e9sidente Anna Winter. Ont suivi l&rsquo;approbation des proc\u00e8s-verbaux des [&hellip;]<\/p>\n","protected":false},"author":3,"featured_media":5583,"comment_status":"closed","ping_status":"closed","sticky":false,"template":"","format":"standard","meta":{"footnotes":""},"categories":[96],"tags":[],"class_list":["post-5572","post","type-post","status-publish","format-standard","has-post-thumbnail","hentry","category-gi-ehealth"],"_links":{"self":[{"href":"https:\/\/ig-ehealth.ch\/fr\/wp-json\/wp\/v2\/posts\/5572","targetHints":{"allow":["GET"]}}],"collection":[{"href":"https:\/\/ig-ehealth.ch\/fr\/wp-json\/wp\/v2\/posts"}],"about":[{"href":"https:\/\/ig-ehealth.ch\/fr\/wp-json\/wp\/v2\/types\/post"}],"author":[{"embeddable":true,"href":"https:\/\/ig-ehealth.ch\/fr\/wp-json\/wp\/v2\/users\/3"}],"replies":[{"embeddable":true,"href":"https:\/\/ig-ehealth.ch\/fr\/wp-json\/wp\/v2\/comments?post=5572"}],"version-history":[{"count":18,"href":"https:\/\/ig-ehealth.ch\/fr\/wp-json\/wp\/v2\/posts\/5572\/revisions"}],"predecessor-version":[{"id":5649,"href":"https:\/\/ig-ehealth.ch\/fr\/wp-json\/wp\/v2\/posts\/5572\/revisions\/5649"}],"wp:featuredmedia":[{"embeddable":true,"href":"https:\/\/ig-ehealth.ch\/fr\/wp-json\/wp\/v2\/media\/5583"}],"wp:attachment":[{"href":"https:\/\/ig-ehealth.ch\/fr\/wp-json\/wp\/v2\/media?parent=5572"}],"wp:term":[{"taxonomy":"category","embeddable":true,"href":"https:\/\/ig-ehealth.ch\/fr\/wp-json\/wp\/v2\/categories?post=5572"},{"taxonomy":"post_tag","embeddable":true,"href":"https:\/\/ig-ehealth.ch\/fr\/wp-json\/wp\/v2\/tags?post=5572"}],"curies":[{"name":"wp","href":"https:\/\/api.w.org\/{rel}","templated":true}]}}